{"id":901,"date":"2018-08-09T16:59:30","date_gmt":"2018-08-09T14:59:30","guid":{"rendered":"https:\/\/www.espace-saint-ignace.fr\/wp\/?p=901"},"modified":"2018-10-24T12:40:45","modified_gmt":"2018-10-24T10:40:45","slug":"parole-et-geste","status":"publish","type":"post","link":"https:\/\/www.espace-saint-ignace.fr\/?p=901","title":{"rendered":"Le Sappel  &#038;  Parole et geste"},"content":{"rendered":"<p><a href=\"https:\/\/www.espace-saint-ignace.fr\/?attachment_id=1889\" rel=\"attachment wp-att-1889\"><img loading=\"lazy\" decoding=\"async\" class=\"size-full wp-image-1889 alignleft\" src=\"https:\/\/www.espace-saint-ignace.fr\/wp-content\/uploads\/2018\/10\/sappel-pr\u00e9sentation.jpg\" alt=\"\" width=\"250\" height=\"200\" \/><\/a><a href=\"http:\/\/www.sappel.info\" target=\"_blank\" rel=\"noopener\">Le Sappel<\/a> est une communaut\u00e9 qui partage la foi chr\u00e9tienne avec les familles du quart-monde. Elle tire son nom d\u2019un domaine que le Mouvement ATD Quart-Monde avait acquis pour en faire un centre de s\u00e9jours pour enfants. La communaut\u00e9 du Sappel y a \u00e9t\u00e9 fond\u00e9e en 1989 par deux couples, anciens volontaires d\u2019ATD, pour r\u00e9pondre \u00e0 la demande spirituelle des plus pauvres et faire entendre leur voix au sein de l\u2019\u00c9glise.<\/p>\n<p>Sur la base du travail initial d\u2019un anthropologue j\u00e9suite, le p\u00e8re Marcel Jousse, qui avait mis en \u00e9vidence que mettre une m\u00e9lodie sur un texte et l\u2019accompagner de gestes aidait beaucoup \u00e0 sa compr\u00e9hension et \u00e0 sa m\u00e9morisation, un autre j\u00e9suite, le p\u00e8re Pierre Scheffer, avait compos\u00e9 tout un r\u00e9pertoire de nouveaux \u00ab\u00a0r\u00e9citatifs bibliques\u00a0\u00bb, chant\u00e9s et gestu\u00e9s sur des textes de l\u2019ancien et du nouveau testament.<\/p>\n<p><a href=\"https:\/\/www.espace-saint-ignace.fr\/?attachment_id=1891\" rel=\"attachment wp-att-1891\"><img loading=\"lazy\" decoding=\"async\" class=\"size-full wp-image-1891 alignleft\" src=\"https:\/\/www.espace-saint-ignace.fr\/wp-content\/uploads\/2018\/10\/PG-pr\u00e9sentation.jpg\" alt=\"\" width=\"250\" height=\"200\" \/><\/a>S&rsquo;\u00e9tant form\u00e9 \u00e0 son \u00e9cole, le Sappel a eu recours aux r\u00e9citatifs bibliques pour permettre aux personnes du quart-monde de vivre la Parole de Dieu en \u00c9glise.<\/p>\n<p>L\u2019association<a href=\"http:\/\/www.parole-et-geste.org\" target=\"_blank\" rel=\"noopener\"> \u00ab\u00a0Parole et Geste\u00a0\u00bb<\/a> est n\u00e9e de cette exp\u00e9rience de fraternit\u00e9, pour permettre au plus grand nombre de d\u00e9couvrir la Parole de Dieu. Elle transmet les\u00a0r\u00e9citatifs existants et en cr\u00e9e de nouveaux pour \u00e9tendre le r\u00e9pertoire. Des personnes d\u2019origines diverses ont ensuite constitu\u00e9 des groupes pour m\u00e9moriser la Parole de Dieu, au d\u00e9but \u00e0 Lyon et maintenant ailleurs en France.<\/p>\n<p style=\"text-align: left;\">Contacts : <span style=\"color: #808080;\"><strong><a style=\"color: #808080;\" href=\"http:\/\/parole-et-geste.org\/?page_id=188\" target=\"_blank\" rel=\"noopener\">voir ici<\/a><\/strong><\/span><\/p>\n","protected":false},"excerpt":{"rendered":"<p>Le Sappel est une communaut\u00e9 qui partage la foi chr\u00e9tienne avec les familles du quart-monde. Elle tire son nom d\u2019un domaine que le Mouvement ATD Quart-Monde avait acquis pour en faire un centre de s\u00e9jours pour enfants. La communaut\u00e9 du Sappel y a \u00e9t\u00e9 fond\u00e9e en 1989 par deux couples, anciens volontaires d\u2019ATD, pour r\u00e9pondre [&hellip;]<\/p>\n","protected":false},"author":1,"featured_media":904,"comment_status":"closed","ping_status":"open","sticky":false,"template":"","format":"standard","meta":{"footnotes":""},"categories":[13],"tags":[],"class_list":["post-901","post","type-post","status-publish","format-standard","has-post-thumbnail","hentry","category-amis"],"_links":{"self":[{"href":"https:\/\/www.espace-saint-ignace.fr\/index.php?rest_route=\/wp\/v2\/posts\/901","targetHints":{"allow":["GET"]}}],"collection":[{"href":"https:\/\/www.espace-saint-ignace.fr\/index.php?rest_route=\/wp\/v2\/posts"}],"about":[{"href":"https:\/\/www.espace-saint-ignace.fr\/index.php?rest_route=\/wp\/v2\/types\/post"}],"author":[{"embeddable":true,"href":"https:\/\/www.espace-saint-ignace.fr\/index.php?rest_route=\/wp\/v2\/users\/1"}],"replies":[{"embeddable":true,"href":"https:\/\/www.espace-saint-ignace.fr\/index.php?rest_route=%2Fwp%2Fv2%2Fcomments&post=901"}],"version-history":[{"count":10,"href":"https:\/\/www.espace-saint-ignace.fr\/index.php?rest_route=\/wp\/v2\/posts\/901\/revisions"}],"predecessor-version":[{"id":1892,"href":"https:\/\/www.espace-saint-ignace.fr\/index.php?rest_route=\/wp\/v2\/posts\/901\/revisions\/1892"}],"wp:featuredmedia":[{"embeddable":true,"href":"https:\/\/www.espace-saint-ignace.fr\/index.php?rest_route=\/wp\/v2\/media\/904"}],"wp:attachment":[{"href":"https:\/\/www.espace-saint-ignace.fr\/index.php?rest_route=%2Fwp%2Fv2%2Fmedia&parent=901"}],"wp:term":[{"taxonomy":"category","embeddable":true,"href":"https:\/\/www.espace-saint-ignace.fr\/index.php?rest_route=%2Fwp%2Fv2%2Fcategories&post=901"},{"taxonomy":"post_tag","embeddable":true,"href":"https:\/\/www.espace-saint-ignace.fr\/index.php?rest_route=%2Fwp%2Fv2%2Ftags&post=901"}],"curies":[{"name":"wp","href":"https:\/\/api.w.org\/{rel}","templated":true}]}}