{"id":847,"date":"2018-08-08T19:43:29","date_gmt":"2018-08-08T17:43:29","guid":{"rendered":"https:\/\/www.espace-saint-ignace.fr\/wp\/?p=847"},"modified":"2018-09-06T11:14:24","modified_gmt":"2018-09-06T09:14:24","slug":"les-jesuites","status":"publish","type":"post","link":"https:\/\/www.espace-saint-ignace.fr\/?p=847","title":{"rendered":"les J\u00e9suites \u00e0 Lyon"},"content":{"rendered":"<p>La <a href=\"https:\/\/www.jesuites.com\" target=\"_blank\" rel=\"noopener\">Compagnie de J\u00e9sus<\/a> compte, dans la m\u00e9tropole lyonnaise, deux communaut\u00e9s qui ont une grande visibilit\u00e9 :<\/p>\n<p style=\"padding-left: 30px;\">&#8211; \u00a0la \u00abCommunaut\u00e9 Saint Ignace\u00bb, situ\u00e9e rue Sala dans la presqu\u2019\u00eele &#8211; et \u00e0 laquelle est adoss\u00e9e l\u2019Espace Saint Ignace- compte une vingtaine de p\u00e8res j\u00e9suites qui \u0153uvrent dans les domaines spirituels, \u00e9ducatifs, culturels et sociaux et pratiquent l\u2019accompagnement sous toutes ses formes, que ce soit aupr\u00e8s des jeunes du R\u00e9seau MAGIS ou du Centre Laennec, ou bien des \u00e9quipes CVX etc.<\/p>\n<p style=\"padding-left: 30px;\">&#8211; \u00a0la \u00abCommunaut\u00e9 Claude La Colombi\u00e8re\u00bb, \u00e0 Francheville, compte une demi-douzaine de p\u00e8res j\u00e9suites; elle est, elle, au service du Centre Spirituel du Ch\u00e2telard. Les j\u00e9suites, sauf pour l&rsquo;un d&rsquo;eux qui est en mission et en r\u00e9sidence au Centre spirituel de la CVX \u00e0 Biviers, pr\u00e8s de Grenoble,\u00a0habitent le Ch\u00e2telard m\u00eame et \u00a0leur vie communautaire est ins\u00e9r\u00e9e dans l\u2019espace d\u2019accueil du Centre.<\/p>\n<p>La Compagnie de J\u00e9sus compte aussi \u00e0 Lyon deux communaut\u00e9s de bien moindre visibilit\u00e9; elles sont, en quelque sorte, aux deux extr\u00e9mit\u00e9s d\u2019une vie j\u00e9suite :<\/p>\n<p style=\"padding-left: 30px;\">&#8211; le \u00abNoviciat de la Province d&rsquo;Europe Occidentale Francophone\u00bb :<\/p>\n<p style=\"padding-left: 30px;\"><iframe loading=\"lazy\" src=\"https:\/\/www.youtube.com\/embed\/xcc_3pudzf8?rel=0\" width=\"560\" height=\"315\" frameborder=\"0\" allowfullscreen=\"allowfullscreen\"><\/iframe><\/p>\n<p style=\"padding-left: 30px;\">une dizaine de jeunes j\u00e9suites vivent leurs deux premi\u00e8res ann\u00e9es dans la Compagnie de J\u00e9sus, \u00e0 Lyon \u00e0 proximit\u00e9 imm\u00e9diate de la communaut\u00e9 Saint Ignace, \u00e0 part pour un certain nombre d\u2019\u00a0\u00abexp\u00e9riments\u00bb \u00e0 l\u2019ext\u00e9rieur, en particulier la grande retraite de 30 jours selon les Exercices.<\/p>\n<p style=\"padding-left: 30px;\">&#8211; la \u00abCommunaut\u00e9 Saint Joseph\u00bb, chemin de la Chauderaie \u00e0 Francheville :<\/p>\n<p style=\"padding-left: 30px;\"><img loading=\"lazy\" decoding=\"async\" class=\"alignleft wp-image-858\" src=\"https:\/\/www.espace-saint-ignace.fr\/wp-content\/uploads\/2018\/08\/chauderaie.jpg\" alt=\"\" width=\"250\" height=\"167\" srcset=\"https:\/\/www.espace-saint-ignace.fr\/wp-content\/uploads\/2018\/08\/chauderaie.jpg 750w, https:\/\/www.espace-saint-ignace.fr\/wp-content\/uploads\/2018\/08\/chauderaie-300x200.jpg 300w\" sizes=\"auto, (max-width: 250px) 100vw, 250px\" \/><\/p>\n<p style=\"padding-left: 30px;\">entre 20 et 30 p\u00e8res j\u00e9suites \u00e2g\u00e9s y vivent\u00a0dans des locaux adapt\u00e9s de type EHPAD.\u00a0Les r\u00e9sidents de cette maison sont tr\u00e8s majoritairement j\u00e9suites mais il y a aussi \u00e0 La Chauderaie quelques religieuses de diverses congr\u00e9gations, et quelques p\u00e8res blancs et la\u00efcs; ils forment, avec l\u2019\u00e9quipe professionnelle \u00e0 leur service, une famille qui a su accueillir les diversit\u00e9s et les diff\u00e9rences. Les p\u00e8res j\u00e9suites qui le peuvent gardent quelques activit\u00e9s apostoliques (confessions, accompagnements spirituels\u2026).<\/p>\n","protected":false},"excerpt":{"rendered":"<p>La Compagnie de J\u00e9sus compte, dans la m\u00e9tropole lyonnaise, deux communaut\u00e9s qui ont une grande visibilit\u00e9 : &#8211; \u00a0la \u00abCommunaut\u00e9 Saint Ignace\u00bb, situ\u00e9e rue Sala dans la presqu\u2019\u00eele &#8211; et \u00e0 laquelle est adoss\u00e9e l\u2019Espace Saint Ignace- compte une vingtaine de p\u00e8res j\u00e9suites qui \u0153uvrent dans les domaines spirituels, \u00e9ducatifs, culturels et sociaux et pratiquent [&hellip;]<\/p>\n","protected":false},"author":1,"featured_media":868,"comment_status":"closed","ping_status":"open","sticky":false,"template":"","format":"standard","meta":{"footnotes":""},"categories":[7],"tags":[],"class_list":["post-847","post","type-post","status-publish","format-standard","has-post-thumbnail","hentry","category-portail"],"_links":{"self":[{"href":"https:\/\/www.espace-saint-ignace.fr\/index.php?rest_route=\/wp\/v2\/posts\/847","targetHints":{"allow":["GET"]}}],"collection":[{"href":"https:\/\/www.espace-saint-ignace.fr\/index.php?rest_route=\/wp\/v2\/posts"}],"about":[{"href":"https:\/\/www.espace-saint-ignace.fr\/index.php?rest_route=\/wp\/v2\/types\/post"}],"author":[{"embeddable":true,"href":"https:\/\/www.espace-saint-ignace.fr\/index.php?rest_route=\/wp\/v2\/users\/1"}],"replies":[{"embeddable":true,"href":"https:\/\/www.espace-saint-ignace.fr\/index.php?rest_route=%2Fwp%2Fv2%2Fcomments&post=847"}],"version-history":[{"count":27,"href":"https:\/\/www.espace-saint-ignace.fr\/index.php?rest_route=\/wp\/v2\/posts\/847\/revisions"}],"predecessor-version":[{"id":1449,"href":"https:\/\/www.espace-saint-ignace.fr\/index.php?rest_route=\/wp\/v2\/posts\/847\/revisions\/1449"}],"wp:featuredmedia":[{"embeddable":true,"href":"https:\/\/www.espace-saint-ignace.fr\/index.php?rest_route=\/wp\/v2\/media\/868"}],"wp:attachment":[{"href":"https:\/\/www.espace-saint-ignace.fr\/index.php?rest_route=%2Fwp%2Fv2%2Fmedia&parent=847"}],"wp:term":[{"taxonomy":"category","embeddable":true,"href":"https:\/\/www.espace-saint-ignace.fr\/index.php?rest_route=%2Fwp%2Fv2%2Fcategories&post=847"},{"taxonomy":"post_tag","embeddable":true,"href":"https:\/\/www.espace-saint-ignace.fr\/index.php?rest_route=%2Fwp%2Fv2%2Ftags&post=847"}],"curies":[{"name":"wp","href":"https:\/\/api.w.org\/{rel}","templated":true}]}}