{"id":640,"date":"2018-08-06T10:47:24","date_gmt":"2018-08-06T08:47:24","guid":{"rendered":"https:\/\/www.espace-saint-ignace.fr\/wp\/?p=640"},"modified":"2018-08-07T13:25:06","modified_gmt":"2018-08-07T11:25:06","slug":"laennec","status":"publish","type":"post","link":"https:\/\/www.espace-saint-ignace.fr\/?p=640","title":{"rendered":"le centre Laennec"},"content":{"rendered":"<p>Sous la responsabilit\u00e9 des \u00a0j\u00e9suites, \u00a0le <a href=\"https:\/\/laennec-lyon.fr\" target=\"_blank\" rel=\"noopener\">centre Laennec de Lyon,\u00a0<\/a>travaillant en r\u00e9seau avec le centre Laennec de Paris et celui de Marseille,\u00a0accompagne les futurs m\u00e9decins, de la premi\u00e8re \u00e0 la sixi\u00e8me ann\u00e9e d\u2019\u00e9tudes.<\/p>\n<p>Ce centre, situ\u00e9\u00a05 quai Claude Bernard,\u00a0vise \u00e0 participer \u00e0 la formation des \u00e9tudiants en m\u00e9decine en leur permettant d&rsquo;allier comp\u00e9tences techniques, scientifiques, relationnelles et \u00e9thiques :<\/p>\n<p>&#8211; les \u00e9tudiants y re\u00e7oivent un accompagnement dans leurs \u00e9tudes, gr\u00e2ce \u00e0 l\u2019organisation et au suivi, par\u00a0une \u00e9quipe p\u00e9dagogique, de groupes de travail, \u00e0 des concours blancs, des documents p\u00e9dagogiques, etc.<\/p>\n<p><span style=\"font-size: 1rem;\">&#8211; ils re\u00e7oivent, en outre, une ouverture aux questions professionnelles et \u00e9thiques, par des conf\u00e9rences-d\u00e9bats, des matin\u00e9es d\u2019\u00e9thique, des travaux de retour d\u2019exp\u00e9rience, et par la <\/span><a style=\"font-size: 1rem;\" href=\"http:\/\/revue-laennec.fr\" target=\"_blank\" rel=\"noopener\">revue m\u00e9dicale \u201cLaennec\u201d<\/a><span style=\"font-size: 1rem;\">.<\/span><\/p>\n","protected":false},"excerpt":{"rendered":"<p>Sous la responsabilit\u00e9 des \u00a0j\u00e9suites, \u00a0le centre Laennec de Lyon,\u00a0travaillant en r\u00e9seau avec le centre Laennec de Paris et celui de Marseille,\u00a0accompagne les futurs m\u00e9decins, de la premi\u00e8re \u00e0 la sixi\u00e8me ann\u00e9e d\u2019\u00e9tudes. Ce centre, situ\u00e9\u00a05 quai Claude Bernard,\u00a0vise \u00e0 participer \u00e0 la formation des \u00e9tudiants en m\u00e9decine en leur permettant d&rsquo;allier comp\u00e9tences techniques, scientifiques, [&hellip;]<\/p>\n","protected":false},"author":1,"featured_media":612,"comment_status":"closed","ping_status":"open","sticky":false,"template":"","format":"standard","meta":{"footnotes":""},"categories":[7],"tags":[],"class_list":["post-640","post","type-post","status-publish","format-standard","has-post-thumbnail","hentry","category-portail"],"_links":{"self":[{"href":"https:\/\/www.espace-saint-ignace.fr\/index.php?rest_route=\/wp\/v2\/posts\/640","targetHints":{"allow":["GET"]}}],"collection":[{"href":"https:\/\/www.espace-saint-ignace.fr\/index.php?rest_route=\/wp\/v2\/posts"}],"about":[{"href":"https:\/\/www.espace-saint-ignace.fr\/index.php?rest_route=\/wp\/v2\/types\/post"}],"author":[{"embeddable":true,"href":"https:\/\/www.espace-saint-ignace.fr\/index.php?rest_route=\/wp\/v2\/users\/1"}],"replies":[{"embeddable":true,"href":"https:\/\/www.espace-saint-ignace.fr\/index.php?rest_route=%2Fwp%2Fv2%2Fcomments&post=640"}],"version-history":[{"count":16,"href":"https:\/\/www.espace-saint-ignace.fr\/index.php?rest_route=\/wp\/v2\/posts\/640\/revisions"}],"predecessor-version":[{"id":759,"href":"https:\/\/www.espace-saint-ignace.fr\/index.php?rest_route=\/wp\/v2\/posts\/640\/revisions\/759"}],"wp:featuredmedia":[{"embeddable":true,"href":"https:\/\/www.espace-saint-ignace.fr\/index.php?rest_route=\/wp\/v2\/media\/612"}],"wp:attachment":[{"href":"https:\/\/www.espace-saint-ignace.fr\/index.php?rest_route=%2Fwp%2Fv2%2Fmedia&parent=640"}],"wp:term":[{"taxonomy":"category","embeddable":true,"href":"https:\/\/www.espace-saint-ignace.fr\/index.php?rest_route=%2Fwp%2Fv2%2Fcategories&post=640"},{"taxonomy":"post_tag","embeddable":true,"href":"https:\/\/www.espace-saint-ignace.fr\/index.php?rest_route=%2Fwp%2Fv2%2Ftags&post=640"}],"curies":[{"name":"wp","href":"https:\/\/api.w.org\/{rel}","templated":true}]}}