{"id":5099,"date":"2022-11-29T15:38:25","date_gmt":"2022-11-29T14:38:25","guid":{"rendered":"https:\/\/www.espace-saint-ignace.fr\/?p=5099"},"modified":"2026-03-02T16:27:13","modified_gmt":"2026-03-02T15:27:13","slug":"pastorale-des-familles","status":"publish","type":"post","link":"https:\/\/www.espace-saint-ignace.fr\/?p=5099","title":{"rendered":"Familles et Compagnie"},"content":{"rendered":"\n<figure class=\"wp-block-image size-full\"><img loading=\"lazy\" decoding=\"async\" width=\"893\" height=\"404\" src=\"https:\/\/www.espace-saint-ignace.fr\/wp-content\/uploads\/2022\/11\/LOGO-FAMILLES-Compagnie.jpg\" alt=\"\" class=\"wp-image-6864\" srcset=\"https:\/\/www.espace-saint-ignace.fr\/wp-content\/uploads\/2022\/11\/LOGO-FAMILLES-Compagnie.jpg 893w, https:\/\/www.espace-saint-ignace.fr\/wp-content\/uploads\/2022\/11\/LOGO-FAMILLES-Compagnie-300x136.jpg 300w, https:\/\/www.espace-saint-ignace.fr\/wp-content\/uploads\/2022\/11\/LOGO-FAMILLES-Compagnie-768x347.jpg 768w\" sizes=\"auto, (max-width: 893px) 100vw, 893px\" \/><\/figure>\n\n\n\n<p>La retraite pour les familles<strong>&nbsp;\u00a0\u00bb Cultiver la fraternit\u00e9 en famille et dans le monde \u00ab\u00a0<\/strong>, fruit d&rsquo;un partenariat du r\u00e9seau Loyola Education, de la Pastorale j\u00e9suite des familles, de Prie en chemin et du Mej d\u00e9marre et va courir tout au long l&rsquo;ann\u00e9e , au rythme des grands temps liturgiques.<\/p>\n\n\n\n<p><strong>Retraite de Car\u00eame pour les familles :<\/strong> <a href=\"https:\/\/prieenchemin.org\/careme-en-familles-2026\/\">Car\u00eame en familles 2026 &#8211; Prie en Chemin<\/a><br><\/p>\n\n\n\n<p><a href=\"mailto:familles@jesuites.com\">familles@jesuites.com<\/a><\/p>\n\n\n\n<p><a href=\"https:\/\/www.jesuites.com\/wp-content\/uploads\/2025\/10\/Programme_familles_2025_2026.pdf\">Programme 2025-2026\u00a0<\/a>de toutes les activit\u00e9s que propose la Compagnie de J\u00e9sus pour les familles<\/p>\n\n\n\n<p><\/p>\n","protected":false},"excerpt":{"rendered":"<p>La retraite pour les familles&nbsp;\u00a0\u00bb Cultiver la fraternit\u00e9 en famille et dans le monde \u00ab\u00a0, fruit d&rsquo;un partenariat du r\u00e9seau Loyola Education, de la Pastorale j\u00e9suite des familles, de Prie en chemin et du Mej d\u00e9marre et va courir tout au long l&rsquo;ann\u00e9e , au rythme des grands temps liturgiques. Retraite de Car\u00eame pour les [&hellip;]<\/p>\n","protected":false},"author":1,"featured_media":0,"comment_status":"closed","ping_status":"open","sticky":false,"template":"","format":"standard","meta":{"footnotes":""},"categories":[7],"tags":[],"class_list":["post-5099","post","type-post","status-publish","format-standard","hentry","category-portail"],"_links":{"self":[{"href":"https:\/\/www.espace-saint-ignace.fr\/index.php?rest_route=\/wp\/v2\/posts\/5099","targetHints":{"allow":["GET"]}}],"collection":[{"href":"https:\/\/www.espace-saint-ignace.fr\/index.php?rest_route=\/wp\/v2\/posts"}],"about":[{"href":"https:\/\/www.espace-saint-ignace.fr\/index.php?rest_route=\/wp\/v2\/types\/post"}],"author":[{"embeddable":true,"href":"https:\/\/www.espace-saint-ignace.fr\/index.php?rest_route=\/wp\/v2\/users\/1"}],"replies":[{"embeddable":true,"href":"https:\/\/www.espace-saint-ignace.fr\/index.php?rest_route=%2Fwp%2Fv2%2Fcomments&post=5099"}],"version-history":[{"count":7,"href":"https:\/\/www.espace-saint-ignace.fr\/index.php?rest_route=\/wp\/v2\/posts\/5099\/revisions"}],"predecessor-version":[{"id":6866,"href":"https:\/\/www.espace-saint-ignace.fr\/index.php?rest_route=\/wp\/v2\/posts\/5099\/revisions\/6866"}],"wp:attachment":[{"href":"https:\/\/www.espace-saint-ignace.fr\/index.php?rest_route=%2Fwp%2Fv2%2Fmedia&parent=5099"}],"wp:term":[{"taxonomy":"category","embeddable":true,"href":"https:\/\/www.espace-saint-ignace.fr\/index.php?rest_route=%2Fwp%2Fv2%2Fcategories&post=5099"},{"taxonomy":"post_tag","embeddable":true,"href":"https:\/\/www.espace-saint-ignace.fr\/index.php?rest_route=%2Fwp%2Fv2%2Ftags&post=5099"}],"curies":[{"name":"wp","href":"https:\/\/api.w.org\/{rel}","templated":true}]}}