{"id":2181,"date":"2019-07-01T00:00:18","date_gmt":"2019-06-30T22:00:18","guid":{"rendered":"https:\/\/www.espace-saint-ignace.fr\/?p=2181"},"modified":"2019-07-01T09:23:03","modified_gmt":"2019-07-01T07:23:03","slug":"juillet-aout-des-idees-pour-lete","status":"publish","type":"post","link":"https:\/\/www.espace-saint-ignace.fr\/?p=2181","title":{"rendered":"JUILLET-AO\u00dbT : des id\u00e9es pour l&rsquo;\u00e9t\u00e9"},"content":{"rendered":"<p>Le temps des vacances est venu et la playlist s&rsquo;arr\u00eate&#8230; Mais o\u00f9 est donc pass\u00e9 Iggy ?<br \/>\nPour retrouver, cet \u00e9t\u00e9, Iggy et ses compagnons, que vous soyez \u00e0 Lyon, \u00e0 la campagne, \u00e0 la montagne ou \u00e0 la mer, voici <span style=\"color: #000080;\"><strong>quelques id\u00e9es de lecture.<\/strong><\/span><\/p>\n<p style=\"text-align: center;\"><span style=\"color: #808080;\"><em>&nbsp;(pour en savoir plus sur chaque ouvrage, cliquer sur sa couverture)<\/em><\/span><\/p>\n<ul>\n<li><em>un chemin \u00e0 prendre cet \u00e9t\u00e9, ou bien une autre ann\u00e9e;&nbsp;<\/em><em style=\"font-size: 1rem;\"><em style=\"font-size: 1rem;\">une mine d&rsquo;informations sur le p\u00e9riple qui mena Ignace depuis Loyola jusqu&rsquo;\u00e0 Manresa, en traversant le Pays Bas<\/em><\/em><em style=\"font-size: 1rem;\">que, la Rioja, la Navarre, l\u2019Aragon et la Catalogne;&nbsp;<\/em><em style=\"font-size: 1rem;\">des pistes pour un cheminement spirituel, guid\u00e9 par les Exercices spirituels de saint Ignace :<\/em><\/li>\n<\/ul>\n<p><span style=\"font-style: italic;\"><a href=\"http:\/\/viechretienne.fr\/boutiqueproduit\/chemin-ignatien,613.php\" target=\"_blank\" rel=\"attachment noopener wp-att-2178 noreferrer\"><img loading=\"lazy\" decoding=\"async\" class=\"wp-image-2178 size-medium aligncenter\" src=\"https:\/\/www.espace-saint-ignace.fr\/wp-content\/uploads\/2018\/12\/chemin-ignatien-214x300.jpg\" alt=\"\" width=\"214\" height=\"300\" srcset=\"https:\/\/www.espace-saint-ignace.fr\/wp-content\/uploads\/2018\/12\/chemin-ignatien-214x300.jpg 214w, https:\/\/www.espace-saint-ignace.fr\/wp-content\/uploads\/2018\/12\/chemin-ignatien.jpg 285w\" sizes=\"auto, (max-width: 214px) 100vw, 214px\" \/><\/a><\/span><\/p>\n<ul>\n<li><i>le r\u00e9cit illustr\u00e9 de deux si\u00e8cles d&rsquo;aventure missionnaire de la Compagnie de J\u00e9sus; comment celle-ci s&rsquo;en est all\u00e9e aux quatre coins du monde \u00ab\u00a0pour une plus grande gloire de Dieu\u201d; quels \u00e9taient l&rsquo;Inde, le Japon, la Chine, l&rsquo;Ethiopie, le Canada et l&rsquo;Am\u00e9rique latine des 16\u00e8me, 17\u00e8me et 18\u00e8me si\u00e8cles :<\/i><\/li>\n<\/ul>\n<p><a href=\"https:\/\/www.laprocure.com\/missions-jesuites-pour-plus-grande-gloire-dieu-philippe-lecrivain\/9782070307463.html\" target=\"_blank\" rel=\"attachment noopener wp-att-2176 noreferrer\"><img loading=\"lazy\" decoding=\"async\" class=\"wp-image-2176 size-medium aligncenter\" src=\"https:\/\/www.espace-saint-ignace.fr\/wp-content\/uploads\/2018\/12\/les-missions-j\u00e9suites-213x300.jpg\" alt=\"\" width=\"213\" height=\"300\" srcset=\"https:\/\/www.espace-saint-ignace.fr\/wp-content\/uploads\/2018\/12\/les-missions-j\u00e9suites-213x300.jpg 213w, https:\/\/www.espace-saint-ignace.fr\/wp-content\/uploads\/2018\/12\/les-missions-j\u00e9suites.jpg 284w\" sizes=\"auto, (max-width: 213px) 100vw, 213px\" \/><\/a><\/p>\n<ul>\n<li><em><em style=\"font-size: 1rem;\">et&nbsp;si l&rsquo;humour \u00e9tait une porte d&rsquo;entr\u00e9e pour mieux comprendre la spiritualit\u00e9 ignatienne;&nbsp;<\/em>un ouvrage, \u00e9crit par un j\u00e9suite, sur la mani\u00e8re d&rsquo;\u00eatre et d&rsquo;agir des j\u00e9suites; <\/em><em style=\"font-size: 1rem;\">&nbsp;un regard attentif&nbsp;<em>qui r\u00e9ussit \u00e0 \u00eatre \u00e0 la fois dr\u00f4le et s\u00e9rieux&nbsp;<\/em>:<\/em><\/li>\n<\/ul>\n<p><a href=\"https:\/\/www.editionsjesuites.com\/fr\/livre-moquez-vous-des-jesuites-849.html\" target=\"_blank\" rel=\"attachment noopener wp-att-2177 noreferrer\"><img loading=\"lazy\" decoding=\"async\" class=\"aligncenter wp-image-2177 size-medium\" src=\"https:\/\/www.espace-saint-ignace.fr\/wp-content\/uploads\/2018\/12\/moquez-vous-des-j\u00e9suites-229x300.jpg\" alt=\"\" width=\"229\" height=\"300\" srcset=\"https:\/\/www.espace-saint-ignace.fr\/wp-content\/uploads\/2018\/12\/moquez-vous-des-j\u00e9suites-229x300.jpg 229w, https:\/\/www.espace-saint-ignace.fr\/wp-content\/uploads\/2018\/12\/moquez-vous-des-j\u00e9suites.jpg 305w\" sizes=\"auto, (max-width: 229px) 100vw, 229px\" \/><\/a><\/p>\n<ul>\n<li><i>\u00ab&nbsp;Je ne peux pas imaginer un chr\u00e9tien qui ne sache pas sourire. Cherchons \u00e0 donner un t\u00e9moignage joyeux de notre foi.&nbsp;\u00bb (Pape Fran\u00e7ois);&nbsp;deux petits livres du&nbsp;caricaturiste&nbsp;allemand&nbsp;Gerhard Mester, remplis de dessins sur le pape Fran\u00e7ois qui, tout \u00e0 la fois,&nbsp;font sourire et invitent \u00e0 la r\u00e9flexion<\/i><em style=\"font-size: 1rem;\"><em>&nbsp;<\/em>:<\/em><\/li>\n<\/ul>\n<p><a href=\"https:\/\/www.editions-beatitudes.com\/catalogue\/eglise-et-sacrements\/pape-francois-eglise-dessins-humour\/\" target=\"_blank\" rel=\"attachment noopener wp-att-2179 noreferrer\"><img loading=\"lazy\" decoding=\"async\" class=\"aligncenter wp-image-2179 size-medium\" src=\"https:\/\/www.espace-saint-ignace.fr\/wp-content\/uploads\/2018\/12\/sacr\u00e9-fran\u00e7ois-300x256.jpg\" alt=\"\" width=\"300\" height=\"256\" srcset=\"https:\/\/www.espace-saint-ignace.fr\/wp-content\/uploads\/2018\/12\/sacr\u00e9-fran\u00e7ois-300x256.jpg 300w, https:\/\/www.espace-saint-ignace.fr\/wp-content\/uploads\/2018\/12\/sacr\u00e9-fran\u00e7ois.jpg 469w\" sizes=\"auto, (max-width: 300px) 100vw, 300px\" \/><\/a><\/p>\n<h3 style=\"text-align: center;\"><span style=\"color: #008000;\">Bel \u00e9t\u00e9 \u00e0 vous, qui avez fid\u00e8lement suivi la&nbsp;<span style=\"color: #008000;\"><span style=\"caret-color: #008000;\">playlist d&rsquo;Iggy<\/span><\/span>&nbsp;&#8230;<\/span><\/h3>\n","protected":false},"excerpt":{"rendered":"<p>Le temps des vacances est venu et la playlist s&rsquo;arr\u00eate&#8230; Mais o\u00f9 est donc pass\u00e9 Iggy ? Pour retrouver, cet \u00e9t\u00e9, Iggy et ses compagnons, que vous soyez \u00e0 Lyon, \u00e0 la campagne, \u00e0 la montagne ou \u00e0 la mer, voici quelques id\u00e9es de lecture. &nbsp;(pour en savoir plus sur chaque ouvrage, cliquer sur sa [&hellip;]<\/p>\n","protected":false},"author":1,"featured_media":2184,"comment_status":"closed","ping_status":"open","sticky":false,"template":"","format":"standard","meta":{"footnotes":""},"categories":[6],"tags":[],"class_list":["post-2181","post","type-post","status-publish","format-standard","has-post-thumbnail","hentry","category-playlist"],"_links":{"self":[{"href":"https:\/\/www.espace-saint-ignace.fr\/index.php?rest_route=\/wp\/v2\/posts\/2181","targetHints":{"allow":["GET"]}}],"collection":[{"href":"https:\/\/www.espace-saint-ignace.fr\/index.php?rest_route=\/wp\/v2\/posts"}],"about":[{"href":"https:\/\/www.espace-saint-ignace.fr\/index.php?rest_route=\/wp\/v2\/types\/post"}],"author":[{"embeddable":true,"href":"https:\/\/www.espace-saint-ignace.fr\/index.php?rest_route=\/wp\/v2\/users\/1"}],"replies":[{"embeddable":true,"href":"https:\/\/www.espace-saint-ignace.fr\/index.php?rest_route=%2Fwp%2Fv2%2Fcomments&post=2181"}],"version-history":[{"count":42,"href":"https:\/\/www.espace-saint-ignace.fr\/index.php?rest_route=\/wp\/v2\/posts\/2181\/revisions"}],"predecessor-version":[{"id":2724,"href":"https:\/\/www.espace-saint-ignace.fr\/index.php?rest_route=\/wp\/v2\/posts\/2181\/revisions\/2724"}],"wp:featuredmedia":[{"embeddable":true,"href":"https:\/\/www.espace-saint-ignace.fr\/index.php?rest_route=\/wp\/v2\/media\/2184"}],"wp:attachment":[{"href":"https:\/\/www.espace-saint-ignace.fr\/index.php?rest_route=%2Fwp%2Fv2%2Fmedia&parent=2181"}],"wp:term":[{"taxonomy":"category","embeddable":true,"href":"https:\/\/www.espace-saint-ignace.fr\/index.php?rest_route=%2Fwp%2Fv2%2Fcategories&post=2181"},{"taxonomy":"post_tag","embeddable":true,"href":"https:\/\/www.espace-saint-ignace.fr\/index.php?rest_route=%2Fwp%2Fv2%2Ftags&post=2181"}],"curies":[{"name":"wp","href":"https:\/\/api.w.org\/{rel}","templated":true}]}}